{"id":578,"date":"2014-08-28T18:22:12","date_gmt":"2014-08-28T17:22:12","guid":{"rendered":"http:\/\/cravan.fr\/berceuses\/?p=578"},"modified":"2014-08-28T18:22:12","modified_gmt":"2014-08-28T17:22:12","slug":"interview-sur-la-radio-rockenfolie-video","status":"publish","type":"post","link":"https:\/\/cravan.fr\/berceuses\/interview-sur-la-radio-rockenfolie-video\/","title":{"rendered":"Interview sur la Radio RockenFolie (Vid\u00e9o)"},"content":{"rendered":"<p>Voici la vid\u00e9o de mon interview sur Rock en Folie le 26 ao\u00fbt.<\/p>\n<p>Je n&rsquo;apparais en vid\u00e9o qu&rsquo;au bout de quelques minutes. Soyez patient.<\/p>\n<p><iframe loading=\"lazy\" src=\"\/\/www.youtube.com\/embed\/6wQ3HMmfb8Y?rel=0\" width=\"640\" height=\"360\" frameborder=\"0\" allowfullscreen=\"allowfullscreen\"><\/iframe><\/p>\n<p>&nbsp;<\/p>\n","protected":false},"excerpt":{"rendered":"<p>Voici la vid\u00e9o de mon interview sur Rock en Folie le 26 ao\u00fbt. Je n&rsquo;apparais en vid\u00e9o qu&rsquo;au bout de quelques minutes. Soyez patient. &nbsp;<\/p>\n","protected":false},"author":1,"featured_media":0,"comment_status":"open","ping_status":"closed","sticky":false,"template":"","format":"standard","meta":{"footnotes":""},"categories":[5,6,10],"tags":[],"class_list":["post-578","post","type-post","status-publish","format-standard","hentry","category-news","category-photos","category-video"],"_links":{"self":[{"href":"https:\/\/cravan.fr\/berceuses\/wp-json\/wp\/v2\/posts\/578","targetHints":{"allow":["GET"]}}],"collection":[{"href":"https:\/\/cravan.fr\/berceuses\/wp-json\/wp\/v2\/posts"}],"about":[{"href":"https:\/\/cravan.fr\/berceuses\/wp-json\/wp\/v2\/types\/post"}],"author":[{"embeddable":true,"href":"https:\/\/cravan.fr\/berceuses\/wp-json\/wp\/v2\/users\/1"}],"replies":[{"embeddable":true,"href":"https:\/\/cravan.fr\/berceuses\/wp-json\/wp\/v2\/comments?post=578"}],"version-history":[{"count":1,"href":"https:\/\/cravan.fr\/berceuses\/wp-json\/wp\/v2\/posts\/578\/revisions"}],"predecessor-version":[{"id":579,"href":"https:\/\/cravan.fr\/berceuses\/wp-json\/wp\/v2\/posts\/578\/revisions\/579"}],"wp:attachment":[{"href":"https:\/\/cravan.fr\/berceuses\/wp-json\/wp\/v2\/media?parent=578"}],"wp:term":[{"taxonomy":"category","embeddable":true,"href":"https:\/\/cravan.fr\/berceuses\/wp-json\/wp\/v2\/categories?post=578"},{"taxonomy":"post_tag","embeddable":true,"href":"https:\/\/cravan.fr\/berceuses\/wp-json\/wp\/v2\/tags?post=578"}],"curies":[{"name":"wp","href":"https:\/\/api.w.org\/{rel}","templated":true}]}}