{"id":575,"date":"2014-08-25T12:01:13","date_gmt":"2014-08-25T11:01:13","guid":{"rendered":"http:\/\/cravan.fr\/berceuses\/?p=575"},"modified":"2014-08-25T12:02:07","modified_gmt":"2014-08-25T11:02:07","slug":"interview-sur-rockenfolie-le-26-aout-a-19h","status":"publish","type":"post","link":"https:\/\/cravan.fr\/berceuses\/interview-sur-rockenfolie-le-26-aout-a-19h\/","title":{"rendered":"Interview sur RockenFolie le 26 ao\u00fbt \u00e0 19h"},"content":{"rendered":"<p>Je serai en interview sur la radio RockenFolie le mardi 26 ao\u00fbt \u00e0 19h.<\/p>\n<p>N&rsquo;h\u00e9sitez pas \u00e0 participer \u00e0 cette \u00e9mission sur le site de la radio.<\/p>\n<p><a title=\"http:\/\/www.rockenfolie.com\/radio-rock\/dedicaces.html\" href=\"http:\/\/www.rockenfolie.com\/radio-rock\/dedicaces.html\" target=\"_blank\">http:\/\/www.rockenfolie.com\/radio-rock\/dedicaces.html<\/a><\/p>\n<p><!--more--><\/p>\n","protected":false},"excerpt":{"rendered":"<p>Je serai en interview sur la radio RockenFolie le mardi 26 ao\u00fbt \u00e0 19h. N&rsquo;h\u00e9sitez pas \u00e0 participer \u00e0 cette \u00e9mission sur le site de la radio. http:\/\/www.rockenfolie.com\/radio-rock\/dedicaces.html<\/p>\n","protected":false},"author":1,"featured_media":0,"comment_status":"open","ping_status":"closed","sticky":false,"template":"","format":"standard","meta":{"footnotes":""},"categories":[5,1],"tags":[],"class_list":["post-575","post","type-post","status-publish","format-standard","hentry","category-news","category-non-classe"],"_links":{"self":[{"href":"https:\/\/cravan.fr\/berceuses\/wp-json\/wp\/v2\/posts\/575","targetHints":{"allow":["GET"]}}],"collection":[{"href":"https:\/\/cravan.fr\/berceuses\/wp-json\/wp\/v2\/posts"}],"about":[{"href":"https:\/\/cravan.fr\/berceuses\/wp-json\/wp\/v2\/types\/post"}],"author":[{"embeddable":true,"href":"https:\/\/cravan.fr\/berceuses\/wp-json\/wp\/v2\/users\/1"}],"replies":[{"embeddable":true,"href":"https:\/\/cravan.fr\/berceuses\/wp-json\/wp\/v2\/comments?post=575"}],"version-history":[{"count":2,"href":"https:\/\/cravan.fr\/berceuses\/wp-json\/wp\/v2\/posts\/575\/revisions"}],"predecessor-version":[{"id":577,"href":"https:\/\/cravan.fr\/berceuses\/wp-json\/wp\/v2\/posts\/575\/revisions\/577"}],"wp:attachment":[{"href":"https:\/\/cravan.fr\/berceuses\/wp-json\/wp\/v2\/media?parent=575"}],"wp:term":[{"taxonomy":"category","embeddable":true,"href":"https:\/\/cravan.fr\/berceuses\/wp-json\/wp\/v2\/categories?post=575"},{"taxonomy":"post_tag","embeddable":true,"href":"https:\/\/cravan.fr\/berceuses\/wp-json\/wp\/v2\/tags?post=575"}],"curies":[{"name":"wp","href":"https:\/\/api.w.org\/{rel}","templated":true}]}}