{"id":468,"date":"2013-12-10T11:39:53","date_gmt":"2013-12-10T10:39:53","guid":{"rendered":"http:\/\/cravan.fr\/berceuses\/?p=468"},"modified":"2013-12-10T11:40:20","modified_gmt":"2013-12-10T10:40:20","slug":"lettre-dinformation-decembre-2013","status":"publish","type":"post","link":"https:\/\/cravan.fr\/berceuses\/lettre-dinformation-decembre-2013\/","title":{"rendered":"Lettre d&rsquo;information &#8211; D\u00e9cembre 2013"},"content":{"rendered":"<div>\n<div>\n<div><img loading=\"lazy\" decoding=\"async\" class=\"aligncenter\" alt=\"\" src=\"https:\/\/ci3.googleusercontent.com\/proxy\/QFLZSaIdpMtAIqtVxgi0fU_DoKyQdc81YwYMkc8wkxV7KV8NXwYOo8qSbPS7t0qdiQ37axNTQwgAux7zq6llYgQnSTtdMeG3BeoPtuPRVP2SWfR_arfNqe13mz46mr2BlZT2vhnky6k9=s0-d-e1-ft#https:\/\/cravan.fr\/berceuses\/wp-content\/uploads\/2013\/09\/IB-ET-bannie%CC%80re1-600x150.jpg\" width=\"600\" height=\"150\" hspace=\"0\" vspace=\"0\" \/><\/div>\n<h3 style=\"text-align: center;\">Pierre Cravan &#8211; Lettre d&rsquo;information<\/h3>\n<p style=\"text-align: center;\">D\u00e9cembre 2013<\/p>\n<\/div>\n<p>Bonjour \u00e0 tous,<\/p>\n<h3>1. Nouvel Album<\/h3>\n<p>Mon nouvel album s&rsquo;appelle Inutiles Berceuses. Il devrait \u00eatre disponible d&rsquo;ici quelques jours. J&rsquo;enverrai leurs exemplaires le plus rapidement possible \u00e0 tous ceux qui ont particip\u00e9 \u00e0 la souscription (et que je remercie encore). Certains auront m\u00eame la joie de recevoir l&rsquo;objet en mains propres.<\/p>\n<p>&nbsp;<\/p>\n<h3>2. Commandes<\/h3>\n<p>Si vous voulez commander votre exemplaire, vous pouvez passer par mon site sur la page suivante : <a title=\"Bon de Commande du Nouvel Album\" href=\"https:\/\/cravan.fr\/berceuses\/?email_id=11&amp;user_id=1&amp;urlpassed=aHR0cDovL2dvby5nbC9kOEh2TEs%3D&amp;controller=stats&amp;action=analyse&amp;wysija-page=1&amp;wysijap=subscriptions\" target=\"_blank\">Bon de Commande<\/a><\/p>\n<p>&nbsp;<\/p>\n<h3><\/h3>\n<h3>3. D\u00e9dicace<\/h3>\n<p>N&rsquo;h\u00e9sitez pas \u00e0 demander une d\u00e9dicace. Ce sera un grand honneur pour moi. Pr\u00e9cisez \u00e9galement si vous voulez un message sp\u00e9cial (pour offrir par exemple).<\/p>\n<p>&#8212;<\/p>\n<p>A bient\u00f4t,<\/p>\n<p><img loading=\"lazy\" decoding=\"async\" class=\"aligncenter\" alt=\"\" src=\"https:\/\/ci6.googleusercontent.com\/proxy\/q6CJqR6zRzaTgOcTfv-p96-kADjEXea27akrqaO6lu4namSyLiyXBPe7czUizn_4PwLAlYL4KoiLmRlnfBs7_y1UrHBJW6OEOVq7-bQcx2Cznnlw4GHtAVYF98xRUxqG88n8mLtdR7wWJOuJ43j1=s0-d-e1-ft#https:\/\/cravan.fr\/berceuses\/wp-content\/uploads\/2013\/09\/Carte-Postale-Recto-PIX-600x836.jpg\" width=\"564\" height=\"786\" \/><\/p>\n<\/div>\n<div>\n<div dir=\"ltr\">\n<div>\n<div>\n<table width=\"600\" cellspacing=\"0\" cellpadding=\"0\" align=\"center\">\n<tbody>\n<tr>\n<td>\n<table width=\"600\" cellspacing=\"0\" cellpadding=\"0\" align=\"center\">\n<tbody>\n<tr valign=\"top\">\n<td width=\"600\"><\/td>\n<\/tr>\n<\/tbody>\n<\/table>\n<\/td>\n<\/tr>\n<\/tbody>\n<\/table>\n<\/div>\n<\/div>\n<\/div>\n<\/div>\n","protected":false},"excerpt":{"rendered":"<p>Pierre Cravan &#8211; Lettre d&rsquo;information D\u00e9cembre 2013 Bonjour \u00e0 tous, 1. Nouvel Album Mon nouvel album s&rsquo;appelle Inutiles Berceuses. Il devrait \u00eatre disponible d&rsquo;ici quelques jours. J&rsquo;enverrai leurs exemplaires le plus rapidement possible \u00e0 tous ceux qui ont particip\u00e9 \u00e0 la souscription (et que je remercie encore). Certains auront m\u00eame la joie de recevoir l&rsquo;objet &hellip; <\/p>\n<p class=\"link-more\"><a href=\"https:\/\/cravan.fr\/berceuses\/lettre-dinformation-decembre-2013\/\" class=\"more-link\">Continuer la lecture<span class=\"screen-reader-text\"> de &laquo;&nbsp;Lettre d&rsquo;information &#8211; D\u00e9cembre 2013&nbsp;&raquo;<\/span><\/a><\/p>\n","protected":false},"author":1,"featured_media":0,"comment_status":"open","ping_status":"closed","sticky":false,"template":"","format":"standard","meta":{"footnotes":""},"categories":[5],"tags":[],"class_list":["post-468","post","type-post","status-publish","format-standard","hentry","category-news"],"_links":{"self":[{"href":"https:\/\/cravan.fr\/berceuses\/wp-json\/wp\/v2\/posts\/468","targetHints":{"allow":["GET"]}}],"collection":[{"href":"https:\/\/cravan.fr\/berceuses\/wp-json\/wp\/v2\/posts"}],"about":[{"href":"https:\/\/cravan.fr\/berceuses\/wp-json\/wp\/v2\/types\/post"}],"author":[{"embeddable":true,"href":"https:\/\/cravan.fr\/berceuses\/wp-json\/wp\/v2\/users\/1"}],"replies":[{"embeddable":true,"href":"https:\/\/cravan.fr\/berceuses\/wp-json\/wp\/v2\/comments?post=468"}],"version-history":[{"count":2,"href":"https:\/\/cravan.fr\/berceuses\/wp-json\/wp\/v2\/posts\/468\/revisions"}],"predecessor-version":[{"id":470,"href":"https:\/\/cravan.fr\/berceuses\/wp-json\/wp\/v2\/posts\/468\/revisions\/470"}],"wp:attachment":[{"href":"https:\/\/cravan.fr\/berceuses\/wp-json\/wp\/v2\/media?parent=468"}],"wp:term":[{"taxonomy":"category","embeddable":true,"href":"https:\/\/cravan.fr\/berceuses\/wp-json\/wp\/v2\/categories?post=468"},{"taxonomy":"post_tag","embeddable":true,"href":"https:\/\/cravan.fr\/berceuses\/wp-json\/wp\/v2\/tags?post=468"}],"curies":[{"name":"wp","href":"https:\/\/api.w.org\/{rel}","templated":true}]}}